{"id":3032,"date":"2021-11-10T22:34:50","date_gmt":"2021-11-10T22:34:50","guid":{"rendered":"https:\/\/hertimeromania.com\/?p=3032"},"modified":"2023-11-30T01:11:32","modified_gmt":"2023-11-30T01:11:32","slug":"normalizarea-anormalului","status":"publish","type":"post","link":"https:\/\/hertimeromania.com\/en\/normalizarea-anormalului\/","title":{"rendered":"Normalizing the abnormal"},"content":{"rendered":"[et_pb_section fb_built=&#8221;1&#8243; _builder_version=&#8221;4.16&#8243; global_colors_info=&#8221;{}&#8221; theme_builder_area=&#8221;post_content&#8221;][et_pb_row _builder_version=&#8221;4.16&#8243; background_size=&#8221;initial&#8221; background_position=&#8221;top_left&#8221; background_repeat=&#8221;repeat&#8221; global_colors_info=&#8221;{}&#8221; theme_builder_area=&#8221;post_content&#8221; custom_padding=&#8221;0px|||||&#8221;][et_pb_column type=&#8221;4_4&#8243; _builder_version=&#8221;4.16&#8243; custom_padding=&#8221;|||&#8221; global_colors_info=&#8221;{}&#8221; custom_padding__hover=&#8221;|||&#8221; theme_builder_area=&#8221;post_content&#8221;][et_pb_text _builder_version=&#8221;4.16&#8243; background_size=&#8221;initial&#8221; background_position=&#8221;top_left&#8221; background_repeat=&#8221;repeat&#8221; global_colors_info=&#8221;{}&#8221; theme_builder_area=&#8221;post_content&#8221;]<p><\/p>\n<h4 style=\"aspect-ratio:unset;\" class=\"is-layout-flow wp-block-cover-is-layout-flow\">text: Andrada Sima<\/h4>\n<p>&nbsp;<\/p>\n<p>,,Ce este normal \u00een lumea asta?\u2019\u2019, o \u00eentrebare la care probabil mul\u021bi dintre voi a\u021bi reflectat de-a lungul timpului. Normalul este ceva relativ \u0219i difer\u0103 de la o persoan\u0103 la alta cum \u00eel trece prin filtrul percep\u021biei \u0219i a trecut printr-un permanent proces de schimbare. Ceea ce ieri p\u0103rea normal, ast\u0103zi pare o nebunie. Spre exemplu, \u00een lumea antic\u0103, sclavia era privit\u0103 ca ceva normal. \u00cen Evul Mediu, a muri la v\u00e2rsta de 30 de ani era, de asemenea, considerat a fi absolut normal. La fel de normal\u0103 era \u0219i p\u0103rerea propagat\u0103 \u00een secolul al XV-lea conform c\u0103reia p\u0103m\u00e2ntul ar fi plat. Acela\u0219i lucru se \u00eent\u00e2mpl\u0103 \u0219i cu anormalul care, la fel ca \u0219i normalul, are mai multe fa\u021bete. Cu siguran\u021b\u0103 vi s-a mai spus c\u0103 nu e normal s\u0103 ar\u0103\u021bi \u00eentr-un fel sau cum te compor\u021bi sau ce crezi. Iat\u0103 c\u00e2teva dintre lucrurile care ar trebui s\u0103 fie normalizate:<\/p>\n<p>&nbsp;<\/p>\n<h2>01. ,,Imperfec\u021biunile\u2019\u2019 corpului (acnee, vergeturi, celulit\u0103, semne)<\/h2>\n<p>\u00a0\u00a0\u00a0\u00a0\u00a0\u00a0\u00a0\u00a0\u00a0\u00a0A\u0219a numitele ,,imperfec\u021biuni\u2019\u2019 ale corpului sunt considerate anormale din cauza unor tipare care s-au creat de-a lungul timpului pe social media \u00een care ar trebui s\u0103 ne \u00eencadr\u0103m. Ne apar o gr\u0103mad\u0103 de reclame despre cum s\u0103 sc\u0103p\u0103m de celulit\u0103, vergeturi sau acnee sau cum s\u0103 le acoperim, dar niciuna care s\u0103 ne \u00eenve\u021be cum s\u0103 le accept\u0103m \u0219i s\u0103 le iubim fiindc\u0103 fac parte din corpul nostru, ne definesc. \u00cen loc s\u0103 fie privite ca imperfec\u021biuni, ca ceva care ne ur\u00e2\u021besc corpul \u0219i care sunt dezgust\u0103toare, ar trebui s\u0103 fie v\u0103zute ca o art\u0103 pe piele noastr\u0103. Recunosc,\u00a0 \u0219i eu le priveam ca fiind ceva anormal, \u00eemi era ru\u0219ine sa le las s\u0103 se vad\u0103, eram \u00een stare s\u0103 fac orice doar ca s\u0103 scap de ele, \u00eens\u0103 acum am \u00eenceput sa le accept \u0219i s\u0103 le privesc dintr-un alt unghi \u0219i, dac\u0103 \u0219i voi v\u0103 confrunta\u021bi cu aceea\u0219i problem\u0103 v\u0103 \u00eencurajez s\u0103 face\u021bi la fel.<\/p>\n<p>&nbsp;<\/p>\n<h2>02. S\u0103 faci parte din LGBT\u00a0\u00a0\u00a0<\/h2>\n<p>\u00a0 \u00a0 \u00a0 \u00a0Tr\u0103im \u00eentr-o societate\u00a0 care consider\u0103 c\u0103 orice persoan\u0103 non-normativ\u0103 din punct de vedere sexual, de identitate sau practic\u0103 care face parte din aceast\u0103 comunitate este ,,ciudat\u0103\u201d, ,,\u00een afara normei\u201d sau ,,atipic\u0103\u201d. Mi\u0219carea LGBT a fost \u0219i \u00eenc\u0103 este subiectul numeroaselor conflicte care graviteaz\u0103 \u00een jurul institu\u021biilor sociale, \u0219i anume familia, c\u0103s\u0103toria, munca, apar\u021bin\u0103torii acesteia fiind \u00een continuare discrimina\u021bi, ba chiar \u0219i agresa\u021bi fie fizic, fie verbal. Cu siguran\u021b\u0103 \u0219i voi a\u021bi \u00eent\u00e2lnit persoane c\u0103rora li se pare ie\u0219it din comun faptul c\u0103 doi b\u0103rba\u021bi sau dou\u0103 femei se \u021bin de m\u00e2n\u0103 \u00een public, sau c\u0103 o persoan\u0103 \u0219i-a f\u0103cut schimbare de sex. \u00cen loc s\u0103 judece at\u00e2t \u0219i s\u0103 catalogheze acele persoane ca fiind ,,anormale\u201d ar trebui s\u0103 \u00ee\u0219i pun\u0103 \u00eentrebarea: ,,Ce este at\u00e2t de anormal \u00een a alege s\u0103 iube\u0219ti pe cine vrei sau s\u0103 fii cine vrei s\u0103 fii at\u00e2t timp c\u00e2t nu deranjezi pe nimeni \u0219i nu faci r\u0103u nim\u0103nui? \u201d.<\/p>\n<p>&nbsp;<\/p>\n<h2>03. Tulbur\u0103rile psihice<\/h2>\n<p>\u00a0\u00a0\u00a0\u00a0\u00a0\u00a0\u00a0\u00a0\u00a0\u00a0\u00a0Un individ sufer\u0103 de o tulburare psihic\u0103 atunci c\u00e2nd nu se mai accept\u0103 pe sine \u00eensu\u0219i sau pe al\u021bii, c\u00e2nd are o preocupare excesiv\u0103 pentru propriul corp \u0219i propria persoan\u0103, c\u00e2nd pierde contactul cu realitatea retr\u0103g\u00e2ndu-se \u00een propria lume \u0219i nu se mai poate adapta normelor sociale, ocupa\u021bionale \u0219i culturale. Aceast\u0103 tulburare este \u00eenc\u0103 privit\u0103 de c\u0103tre societate ca o afec\u021biune ru\u0219inoas\u0103, chiar reprobabil\u0103, de aceea unii sunt reticen\u021bi c\u00e2nd vine vorba de a apela la un psiholog sau psihiatru. De ce ar trebui s\u0103 fie v\u0103zute tulbur\u0103rile psihice ca ceva normal? P\u0103i e foarte simplu. Tr\u0103im ni\u0219te vremuri \u00een care e de-a dreptul imposibil s\u0103 \u00ee\u021bi men\u021bii s\u0103n\u0103tatea mintal\u0103 constant\u0103, \u00eentruc\u00e2t de-a lungul vie\u021bii apar tot felul de evenimente care te pot dezechilibra emo\u021bional \u0219i \u00ee\u021bi pot provoca anumite tulbur\u0103ri, cele mai comune fiind anxietatea \u0219i depresia. \u00cens\u0103 acestea sunt c\u00e2t se poate de normale \u0219i nu ar trebui ca persoanele care se confrunt\u0103 cu a\u0219a ceva s\u0103 fie considerate ,,nebune\u201d, \u00eens\u0103 ceea ce este anormal este refuzare trat\u0103rii acestora.\u00a0<\/p>\n<p>&nbsp;<\/p>\n<h2>04. S\u0103 fii femeie \u0219i s\u0103 nu vrei s\u0103 faci copii<\/h2>\n<p>\u00a0\u00a0\u00a0\u00a0\u00a0\u00a0\u00a0\u00a0\u00a0\u00a0Rolul femeii \u00een societate a fost \u0219i \u00eenc\u0103 este unul foarte controversat, mul\u021bi consider\u00e2nd c\u0103 menirea femeii este de a procrea. Desigur aceast\u0103 mentalitate este una gre\u0219it\u0103, deoarece nu este nimic anormal \u00een a-\u021bi alege stilul de via\u021b\u0103, precum \u0219i ce vrei s\u0103 faci cu propriul corp. \u201eMy body my, choice\u201d este un slogan care este menit s\u0103 reprezinte ideea de autonomie corporal\u0103 personal\u0103, integritate corporal\u0103 \u0219i libertate de alegere. Este, de asemenea, opusul trat\u0103rii corpului femeilor ca pe o proprietate \u0219i afirm\u0103 importan\u021ba unei culturi a consim\u021b\u0103m\u00e2ntului. \u0218i totu\u0219i \u00eenc\u0103 \u00een unele \u021b\u0103ri avortul este ilegal sau accesul femeilor la pastila de a doua zi este limitat. Trebuie s\u0103 \u00een\u021belegem c\u0103 este dreptul fiec\u0103reia de a alege dac\u0103 vrea sau nu s\u0103 fac\u0103 un copil \u0219i c\u0103 nu ar trebui s\u0103 le mai etichet\u0103m ca fiind ,,egoiste\u201d sau ,,insensibile\u201d, fiindc\u0103 nimeni nu este \u00een m\u0103sur\u0103 s\u0103 le judece, ne\u0219tiind motivele pentru care acestea fac o asemenea alegere.\u00a0<\/p>\n<p>&nbsp;<\/p>\n<h2>05. Tatuajele \u0219i piercing-urile<\/h2>\n<p>\u00a0\u00a0\u00a0\u00a0\u00a0\u00a0\u00a0\u00a0\u00a0\u00a0\u00a0Tot la subiecte controversate se \u00eencadreaz\u0103 \u0219i tatuajele \u0219i piercing-urile. Tatuajele se fac de mii de ani \u0219i au pornit din triburi, pentru a marca func\u021biile, ci nu\u00a0 din pu\u0219c\u0103rie, cum ar crede unii. Asemenea tatuajului, piercing-ul dateaz\u0103 de mii de ani, cea mai veche mumie cu cercei \u00een ureche exist\u00e2nd de peste aproape 5000 de ani. Viziunea lumii asupra acestora este \u00eemp\u0103r\u021bit\u0103 \u00een dou\u0103 categorii: cei care cred c\u0103 reprezint\u0103 o form\u0103 de art\u0103 \u0219i o expresie a individualit\u0103\u021bii, a propriei persoane, a libert\u0103\u021bii, a creativit\u0103\u021bii \u0219i a tot ce \u00eei face diferi\u021bi \u0219i frumo\u0219i \u0219i cei c\u0103rora li se pare c\u0103 acei oameni care au tatuaje \u0219i piercing-uri sunt ni\u0219te ,,frustra\u021bi\u201d, ,,complexa\u021bi\u201d ba chiar ,,satani\u0219ti\u201d. Cum sunt privite femeile care au tatuaje sau piercing-uri? Un studiu realizat \u00een Fran\u021ba a demonstrat c\u0103 \u00een viziunea b\u0103rba\u021bilor, femeile cu tatuaj sunt considerate a fi mai receptive la avansurile lor, pe scurt sunt ,,u\u0219uratice\u201d \u0219i ,,vulgare\u201d , din nou un alt exemplu de mentalitate gre\u0219it\u0103.<\/p>\n<p><strong>CONCLUZIA: Fiecare este liber de a decide ce este anormal pentru el, \u00eens\u0103 \u00een acela\u0219i timp trebuie s\u0103 \u00een\u021beleag\u0103 \u0219i s\u0103 accepte c\u0103 pentru al\u021bii anormalitatea este de fapt o normalitate.<\/strong><\/p>\n<p><strong><\/strong><\/p>\n<blockquote>\n<p>,,Cine hot\u0103r\u0103\u0219te ce e normal? Normalitatea e o inven\u021bie a celor lipsi\u021bi de imagina\u021bie.\u201d<\/p>\n<p>Alda Merini<\/p>\n<\/blockquote>\n<p><img decoding=\"async\" src=\"https:\/\/hertimeromania.com\/wp-content\/uploads\/2021\/11\/blog-1.png\" \/><\/p>\n<p><\/p>[\/et_pb_text][\/et_pb_column][\/et_pb_row][\/et_pb_section]","protected":false},"excerpt":{"rendered":"<p>text: Andrada Sima &nbsp; ,,Ce este normal \u00een lumea asta?\u2019\u2019, o \u00eentrebare la care probabil mul\u021bi dintre voi a\u021bi reflectat de-a lungul timpului. Normalul este ceva relativ \u0219i difer\u0103 de la o persoan\u0103 la alta cum \u00eel trece prin filtrul percep\u021biei \u0219i a trecut printr-un permanent proces de schimbare. Ceea ce ieri p\u0103rea normal, ast\u0103zi [&hellip;]<\/p>\n","protected":false},"author":11,"featured_media":3036,"comment_status":"open","ping_status":"open","sticky":false,"template":"","format":"standard","meta":{"_et_pb_use_builder":"on","_et_pb_old_content":"<!-- wp:cover {\"url\":\"https:\/\/hertimeromania.com\/wp-content\/uploads\/2021\/11\/blog-1.png\",\"id\":3034,\"dimRatio\":0,\"minHeight\":277,\"minHeightUnit\":\"px\",\"contentPosition\":\"top center\",\"isDark\":false,\"align\":\"full\"} -->\r\n<h4>text: Andrada Sima<\/h4>\r\n<p>,,Ce este normal \u00een lumea asta?\u2019\u2019, o \u00eentrebare la care probabil mul\u021bi dintre voi a\u021bi reflectat de-a lungul timpului. Normalul este ceva relativ \u0219i difer\u0103 de la o persoan\u0103 la alta cum \u00eel trece prin filtrul percep\u021biei \u0219i a trecut printr-un permanent proces de schimbare. Ceea ce ieri p\u0103rea normal, ast\u0103zi pare o nebunie. Spre exemplu, \u00een lumea antic\u0103, sclavia era privit\u0103 ca ceva normal. \u00cen Evul Mediu, a muri la v\u00e2rsta de 30 de ani era, de asemenea, considerat a fi absolut normal. La fel de normal\u0103 era \u0219i p\u0103rerea propagat\u0103 \u00een secolul al XV-lea conform c\u0103reia p\u0103m\u00e2ntul ar fi plat. Acela\u0219i lucru se \u00eent\u00e2mpl\u0103 \u0219i cu anormalul care, la fel ca \u0219i normalul, are mai multe fa\u021bete. Cu siguran\u021b\u0103 vi s-a mai spus c\u0103 nu e normal s\u0103 ar\u0103\u021bi \u00eentr-un fel sau cum te compor\u021bi sau ce crezi. Iat\u0103 c\u00e2teva dintre lucrurile care ar trebui s\u0103 fie normalizate:<\/p>\r\n<h2>01. ,,Imperfec\u021biunile\u2019\u2019 corpului (acnee, vergeturi, celulit\u0103, semne)<\/h2>\r\n<p>\u00a0\u00a0\u00a0\u00a0\u00a0\u00a0\u00a0\u00a0\u00a0\u00a0A\u0219a numitele ,,imperfec\u021biuni\u2019\u2019 ale corpului sunt considerate anormale din cauza unor tipare care s-au creat de-a lungul timpului pe social media \u00een care ar trebui s\u0103 ne \u00eencadr\u0103m. Ne apar o gr\u0103mad\u0103 de reclame despre cum s\u0103 sc\u0103p\u0103m de celulit\u0103, vergeturi sau acnee sau cum s\u0103 le acoperim, dar niciuna care s\u0103 ne \u00eenve\u021be cum s\u0103 le accept\u0103m \u0219i s\u0103 le iubim fiindc\u0103 fac parte din corpul nostru, ne definesc. \u00cen loc s\u0103 fie privite ca imperfec\u021biuni, ca ceva care ne ur\u00e2\u021besc corpul \u0219i care sunt dezgust\u0103toare, ar trebui s\u0103 fie v\u0103zute ca o art\u0103 pe piele noastr\u0103. Recunosc,\u00a0 \u0219i eu le priveam ca fiind ceva anormal, \u00eemi era ru\u0219ine sa le las s\u0103 se vad\u0103, eram \u00een stare s\u0103 fac orice doar ca s\u0103 scap de ele, \u00eens\u0103 acum am \u00eenceput sa le accept \u0219i s\u0103 le privesc dintr-un alt unghi \u0219i, dac\u0103 \u0219i voi v\u0103 confrunta\u021bi cu aceea\u0219i problem\u0103 v\u0103 \u00eencurajez s\u0103 face\u021bi la fel.<\/p>\r\n<h2>02. S\u0103 faci parte din LGBT\u00a0\u00a0\u00a0<\/h2>\r\n<p>\u00a0 \u00a0 \u00a0 \u00a0Tr\u0103im \u00eentr-o societate\u00a0 care consider\u0103 c\u0103 orice persoan\u0103 non-normativ\u0103 din punct de vedere sexual, de identitate sau practic\u0103 care face parte din aceast\u0103 comunitate este ,,ciudat\u0103\u201d, ,,\u00een afara normei\u201d sau ,,atipic\u0103\u201d. Mi\u0219carea LGBT a fost \u0219i \u00eenc\u0103 este subiectul numeroaselor conflicte care graviteaz\u0103 \u00een jurul institu\u021biilor sociale, \u0219i anume familia, c\u0103s\u0103toria, munca, apar\u021bin\u0103torii acesteia fiind \u00een continuare discrimina\u021bi, ba chiar \u0219i agresa\u021bi fie fizic, fie verbal. Cu siguran\u021b\u0103 \u0219i voi a\u021bi \u00eent\u00e2lnit persoane c\u0103rora li se pare ie\u0219it din comun faptul c\u0103 doi b\u0103rba\u021bi sau dou\u0103 femei se \u021bin de m\u00e2n\u0103 \u00een public, sau c\u0103 o persoan\u0103 \u0219i-a f\u0103cut schimbare de sex. \u00cen loc s\u0103 judece at\u00e2t \u0219i s\u0103 catalogheze acele persoane ca fiind ,,anormale\u201d ar trebui s\u0103 \u00ee\u0219i pun\u0103 \u00eentrebarea: ,,Ce este at\u00e2t de anormal \u00een a alege s\u0103 iube\u0219ti pe cine vrei sau s\u0103 fii cine vrei s\u0103 fii at\u00e2t timp c\u00e2t nu deranjezi pe nimeni \u0219i nu faci r\u0103u nim\u0103nui? \u201d.<\/p>\r\n<h2>03. Tulbur\u0103rile psihice<\/h2>\r\n<p>\u00a0\u00a0\u00a0\u00a0\u00a0\u00a0\u00a0\u00a0\u00a0\u00a0\u00a0Un individ sufer\u0103 de o tulburare psihic\u0103 atunci c\u00e2nd nu se mai accept\u0103 pe sine \u00eensu\u0219i sau pe al\u021bii, c\u00e2nd are o preocupare excesiv\u0103 pentru propriul corp \u0219i propria persoan\u0103, c\u00e2nd pierde contactul cu realitatea retr\u0103g\u00e2ndu-se \u00een propria lume \u0219i nu se mai poate adapta normelor sociale, ocupa\u021bionale \u0219i culturale. Aceast\u0103 tulburare este \u00eenc\u0103 privit\u0103 de c\u0103tre societate ca o afec\u021biune ru\u0219inoas\u0103, chiar reprobabil\u0103, de aceea unii sunt reticen\u021bi c\u00e2nd vine vorba de a apela la un psiholog sau psihiatru. De ce ar trebui s\u0103 fie v\u0103zute tulbur\u0103rile psihice ca ceva normal? P\u0103i e foarte simplu. Tr\u0103im ni\u0219te vremuri \u00een care e de-a dreptul imposibil s\u0103 \u00ee\u021bi men\u021bii s\u0103n\u0103tatea mintal\u0103 constant\u0103, \u00eentruc\u00e2t de-a lungul vie\u021bii apar tot felul de evenimente care te pot dezechilibra emo\u021bional \u0219i \u00ee\u021bi pot provoca anumite tulbur\u0103ri, cele mai comune fiind anxietatea \u0219i depresia. \u00cens\u0103 acestea sunt c\u00e2t se poate de normale \u0219i nu ar trebui ca persoanele care se confrunt\u0103 cu a\u0219a ceva s\u0103 fie considerate ,,nebune\u201d, \u00eens\u0103 ceea ce este anormal este refuzare trat\u0103rii acestora.\u00a0<\/p>\r\n<h2>04. S\u0103 fii femeie \u0219i s\u0103 nu vrei s\u0103 faci copii<\/h2>\r\n<p>\u00a0\u00a0\u00a0\u00a0\u00a0\u00a0\u00a0\u00a0\u00a0\u00a0Rolul femeii \u00een societate a fost \u0219i \u00eenc\u0103 este unul foarte controversat, mul\u021bi consider\u00e2nd c\u0103 menirea femeii este de a procrea. Desigur aceast\u0103 mentalitate este una gre\u0219it\u0103, deoarece nu este nimic anormal \u00een a-\u021bi alege stilul de via\u021b\u0103, precum \u0219i ce vrei s\u0103 faci cu propriul corp. \u201eMy body my, choice\u201d este un slogan care este menit s\u0103 reprezinte ideea de autonomie corporal\u0103 personal\u0103, integritate corporal\u0103 \u0219i libertate de alegere. Este, de asemenea, opusul trat\u0103rii corpului femeilor ca pe o proprietate \u0219i afirm\u0103 importan\u021ba unei culturi a consim\u021b\u0103m\u00e2ntului. \u0218i totu\u0219i \u00eenc\u0103 \u00een unele \u021b\u0103ri avortul este ilegal sau accesul femeilor la pastila de a doua zi este limitat. Trebuie s\u0103 \u00een\u021belegem c\u0103 este dreptul fiec\u0103reia de a alege dac\u0103 vrea sau nu s\u0103 fac\u0103 un copil \u0219i c\u0103 nu ar trebui s\u0103 le mai etichet\u0103m ca fiind ,,egoiste\u201d sau ,,insensibile\u201d, fiindc\u0103 nimeni nu este \u00een m\u0103sur\u0103 s\u0103 le judece, ne\u0219tiind motivele pentru care acestea fac o asemenea alegere.\u00a0<\/p>\r\n<h2>05. Tatuajele \u0219i piercing-urile<\/h2>\r\n<p>\u00a0\u00a0\u00a0\u00a0\u00a0\u00a0\u00a0\u00a0\u00a0\u00a0\u00a0Tot la subiecte controversate se \u00eencadreaz\u0103 \u0219i tatuajele \u0219i piercing-urile. Tatuajele se fac de mii de ani \u0219i au pornit din triburi, pentru a marca func\u021biile, ci nu\u00a0 din pu\u0219c\u0103rie, cum ar crede unii. Asemenea tatuajului, piercing-ul dateaz\u0103 de mii de ani, cea mai veche mumie cu cercei \u00een ureche exist\u00e2nd de peste aproape 5000 de ani. Viziunea lumii asupra acestora este \u00eemp\u0103r\u021bit\u0103 \u00een dou\u0103 categorii: cei care cred c\u0103 reprezint\u0103 o form\u0103 de art\u0103 \u0219i o expresie a individualit\u0103\u021bii, a propriei persoane, a libert\u0103\u021bii, a creativit\u0103\u021bii \u0219i a tot ce \u00eei face diferi\u021bi \u0219i frumo\u0219i \u0219i cei c\u0103rora li se pare c\u0103 acei oameni care au tatuaje \u0219i piercing-uri sunt ni\u0219te ,,frustra\u021bi\u201d, ,,complexa\u021bi\u201d ba chiar ,,satani\u0219ti\u201d. Cum sunt privite femeile care au tatuaje sau piercing-uri? Un studiu realizat \u00een Fran\u021ba a demonstrat c\u0103 \u00een viziunea b\u0103rba\u021bilor, femeile cu tatuaj sunt considerate a fi mai receptive la avansurile lor, pe scurt sunt ,,u\u0219uratice\u201d \u0219i ,,vulgare\u201d , din nou un alt exemplu de mentalitate gre\u0219it\u0103.<\/p>\r\n<p><strong>CONCLUZIA: Fiecare este liber de a decide ce este anormal pentru el, \u00eens\u0103 \u00een acela\u0219i timp trebuie s\u0103 \u00een\u021beleag\u0103 \u0219i s\u0103 accepte c\u0103 pentru al\u021bii anormalitatea este de fapt o normalitate.<\/strong><\/p>\r\n<blockquote>\r\n<p>,,Cine hot\u0103r\u0103\u0219te ce e normal? Normalitatea e o inven\u021bie a celor lipsi\u021bi de imagina\u021bie.\u201d<\/p>\r\n<p>Alda Merini<\/p>\r\n<\/blockquote>\r\n<p><img src=\"https:\/\/hertimeromania.com\/wp-content\/uploads\/2021\/11\/blog-1.png\" \/><\/p>\r\n<!-- \/wp:pullquote -->","_et_gb_content_width":"","_monsterinsights_skip_tracking":false,"_monsterinsights_sitenote_active":false,"_monsterinsights_sitenote_note":"","_monsterinsights_sitenote_category":0,"footnotes":""},"categories":[2,32,39],"tags":[],"class_list":["post-3032","post","type-post","status-publish","format-standard","has-post-thumbnail","hentry","category-articole","category-articole-feminism-hertimeromania","category-opinii"],"_links":{"self":[{"href":"https:\/\/hertimeromania.com\/en\/wp-json\/wp\/v2\/posts\/3032","targetHints":{"allow":["GET"]}}],"collection":[{"href":"https:\/\/hertimeromania.com\/en\/wp-json\/wp\/v2\/posts"}],"about":[{"href":"https:\/\/hertimeromania.com\/en\/wp-json\/wp\/v2\/types\/post"}],"author":[{"embeddable":true,"href":"https:\/\/hertimeromania.com\/en\/wp-json\/wp\/v2\/users\/11"}],"replies":[{"embeddable":true,"href":"https:\/\/hertimeromania.com\/en\/wp-json\/wp\/v2\/comments?post=3032"}],"version-history":[{"count":5,"href":"https:\/\/hertimeromania.com\/en\/wp-json\/wp\/v2\/posts\/3032\/revisions"}],"predecessor-version":[{"id":5785,"href":"https:\/\/hertimeromania.com\/en\/wp-json\/wp\/v2\/posts\/3032\/revisions\/5785"}],"wp:featuredmedia":[{"embeddable":true,"href":"https:\/\/hertimeromania.com\/en\/wp-json\/wp\/v2\/media\/3036"}],"wp:attachment":[{"href":"https:\/\/hertimeromania.com\/en\/wp-json\/wp\/v2\/media?parent=3032"}],"wp:term":[{"taxonomy":"category","embeddable":true,"href":"https:\/\/hertimeromania.com\/en\/wp-json\/wp\/v2\/categories?post=3032"},{"taxonomy":"post_tag","embeddable":true,"href":"https:\/\/hertimeromania.com\/en\/wp-json\/wp\/v2\/tags?post=3032"}],"curies":[{"name":"wp","href":"https:\/\/api.w.org\/{rel}","templated":true}]}}