{"id":6488,"date":"2023-05-10T16:22:38","date_gmt":"2023-05-10T16:22:38","guid":{"rendered":"https:\/\/hertimeromania.com\/?p=6488"},"modified":"2023-05-10T16:23:26","modified_gmt":"2023-05-10T16:23:26","slug":"feminism-and-the-advocacy","status":"publish","type":"post","link":"https:\/\/hertimeromania.com\/en\/feminism-and-the-advocacy\/","title":{"rendered":"Feminism and the advocacy of women&#039;s rights"},"content":{"rendered":"[et_pb_section fb_built=&#8221;1&#8243; _builder_version=&#8221;4.16&#8243; global_colors_info=&#8221;{}&#8221;][et_pb_row _builder_version=&#8221;4.16&#8243; background_size=&#8221;initial&#8221; background_position=&#8221;top_left&#8221; background_repeat=&#8221;repeat&#8221; global_colors_info=&#8221;{}&#8221;][et_pb_column type=&#8221;4_4&#8243; _builder_version=&#8221;4.16&#8243; custom_padding=&#8221;|||&#8221; global_colors_info=&#8221;{}&#8221; custom_padding__hover=&#8221;|||&#8221;][et_pb_text _builder_version=&#8221;4.16&#8243; background_size=&#8221;initial&#8221; background_position=&#8221;top_left&#8221; background_repeat=&#8221;repeat&#8221; global_colors_info=&#8221;{}&#8221;]\n<h4>text: Diana Stanciu<\/h4>\n<h4>ilustratie: Cristina Radoaica<\/h4>\n<p><span style=\"font-weight: 400;\">Niciodat\u0103 nu este un moment inoportun s\u0103 vorbim despre feminism \u0219i sus\u021binerea drepturilor femeilor. Teme despre care vom aduce c\u00e2teva informa\u021bii \u00een plus chiar \u00een acest articol.<\/span><\/p>\n<p><span style=\"font-weight: 400;\">Feminismul reprezint\u0103 o serie de mi\u0219c\u0103ri politice, ideologice \u0219i sociale care au un scop comun: definirea, stabilirea \u0219i respectarea drepturilor politice, economice, personale \u0219i sociale ale femeilor. Mi\u0219carea feminist\u0103 include \u0219i \u00eencercarea de a stabili \u0219anse egale pentru femei \u00een educa\u021bie \u0219i la locul de munc\u0103.<\/span><\/p>\n<p><span style=\"font-weight: 400;\">Ca o privire de ansamblu, advocacy- sus\u021binerea feminismului are ca principal\u0103 preocupare s\u0103 pun\u0103 cap\u0103t nedrept\u0103\u021bilor din \u00eentreaga lume prin promovarea drepturilor femeilor. Are diverse moduri de utilizare \u0219i de manifestare, de la strategii de lobby la reuniunile ministeriale ale Organiza\u021biei Mondiale a Comer\u021bului, p\u00e2n\u0103 la reformarea politicilor discriminatorii de gen.<\/span><\/p>\n<p><span style=\"font-weight: 400;\">De-a lungul istoriei, femeile au luptat pentru diverse drepturi, de la cel de a vota, la cel de a de\u021bine propriet\u0103\u021bi, la dreptul la educa\u021bie \u0219i p\u00e2n\u0103 la dreptul de a lua parte la diverse procese politice. \u00cen ultimii ani, accentul mi\u0219c\u0103rii pentru drepturile femeilor a picat asupra problemelor de s\u0103n\u0103tate \u0219i drepturilor reproductive, inegalit\u0103\u021bii economice, h\u0103r\u021buirii sexuale \u0219i rape culture.<\/span><\/p>\n<p><span style=\"font-weight: 400;\">Sus\u021binerea drepturilor femeilor bazat\u0103 pe o egalitatea \u00eentre sexe este un obiectiv important \u0219i de lung\u0103 durat\u0103. Sus\u021bin\u0103torii drepturilor femeilor consider\u0103 c\u0103 femeile trebuie s\u0103 aib\u0103 drepturi egale cu b\u0103rba\u021bii \u00een toate domeniile vie\u021bii private \u0219i publice inclusiv educa\u021bie, la locul de munc\u0103 \u0219i participare \u00een politic\u0103. Ei sunt, de asemenea, de p\u0103rere c\u0103 femeile trebuie tratate cu respect \u0219i demnitate \u0219i c\u0103 perspectivele lor unice ar trebuie apreciate.<\/span><\/p>\n<p><span style=\"font-weight: 400;\">V\u0103z\u00e2nd progresul drepturilor femeilor, apare \u00eentrebarea \u201cDe ce mai sunt mi\u0219carea feminist\u0103 \u0219i sus\u021binerea acesteia importante \u00een ziua de azi?\u201d.<\/span><\/p>\n<p><span style=\"font-weight: 400;\">\u00cen ciuda progresului, femeile \u00eenc\u0103 se lovesc de bariere semnificative legate de egalitatea de gen. \u00cen mai multe \u021b\u0103ri din lume, femeilor nu li s-au acordat \u00eenc\u0103 drepturi egale cu cele ale b\u0103rba\u021bilor \u0219i nu sunt tratate \u00een mod egal la locul de munc\u0103.<\/span><\/p>\n<p><span style=\"font-weight: 400;\">Conform Global Gender Gap Report 2022 realizat de Forumul Economic Mondial, paritatea de gen nu se \u00eembun\u0103t\u0103\u021be\u0219te. Se preconizeaz\u0103 c\u0103 va mai fi nevoie de mai mult de 130 de ani pentru reducerea decalajului de gen actual. Potrivit raportului \u00een cauz\u0103, cele mai afectate zone sunt participarea economic\u0103 \u0219i politic\u0103. Femeile c\u00e2\u0219tig\u0103 mai pu\u021bin dec\u00e2t b\u0103rba\u021bii \u00een majoritatea statelor \u0219i au \u0219anse mai ridicate s\u0103 tr\u0103iasc\u0103 \u00een s\u0103r\u0103cie. Totodat\u0103, violen\u021ba \u00eempotriva femeilor a reprezentat o problem\u0103 major\u0103 peste tot\u00a0 \u00een lume; femeile nu sunt \u00een siguran\u021b\u0103 nici acas\u0103, nici \u00een locurile publice.<\/span><\/p>\n<p><span style=\"font-weight: 400;\">Este necesar s\u0103 continu\u0103m s\u0103 milit\u0103m pentru drepturile femeilor p\u00e2n\u0103 \u00een momentul \u00een care egalitatea de gen va deveni o realitate pentru toat\u0103 lumea. Sprijinind feminismul putem sus\u021bine o lume echitabil\u0103, mai dreapt\u0103. Putem juca un rol esen\u021bial \u00een crearea unei lumi \u00een care egalitatea de gen s\u0103 fie o realitate, doar \u00eencerc\u00e2nd s\u0103 ajut\u0103m la con\u0219tientizarea problemelor legate de acest aspect \u0219i lu\u00e2nd m\u0103suri \u00een acest sens.<\/span><\/p>\n<p><span style=\"font-weight: 400;\">Surse:<\/span><a href=\"https:\/\/policy-practice.oxfam.org\/resources\/a-guide-to-feminist-advocacy-131591\/#:~:text=Feminist%20advocacy%20is%20concerned%20with,reform%20of%20gender%2Ddiscriminatory%20policies\" target=\"_blank\" rel=\"noopener\"><span style=\"font-weight: 400;\">tps:\/\/policy-practice.oxfam.org\/resources\/a-guide-to-feminist-advocacy-131591\/#:~:text=Feminist%20advocacy%20is%20concerned%20with,reform%20of%20gender%2Ddiscriminatory%20policies<\/span><\/a><\/p>\n<p><a href=\"https:\/\/www.rightsofequality.com\/feminism-and-the-advocacy-of-womens-rights-why-are-these-relevant-today\/\" target=\"_blank\" rel=\"noopener\"><span style=\"font-weight: 400;\">https:\/\/www.rightsofequality.com\/feminism-and-the-advocacy-of-womens-rights-why-are-these-relevant-today\/<\/span><\/a><\/p>\n<p><span style=\"font-weight: 400;\">Raport\/Studiu: <\/span><a href=\"https:\/\/www.weforum.org\/reports\/global-gender-gap-report-2022\" target=\"_blank\" rel=\"noopener\"><span style=\"font-weight: 400;\">https:\/\/www.weforum.org\/reports\/global-gender-gap-report-2022<\/span><\/a><br \/>\n[\/et_pb_text][\/et_pb_column][\/et_pb_row][\/et_pb_section]\n","protected":false},"excerpt":{"rendered":"<p>text: Diana Stanciu ilustratie: Cristina Radoaica Niciodat\u0103 nu este un moment inoportun s\u0103 vorbim despre feminism \u0219i sus\u021binerea drepturilor femeilor. Teme despre care vom aduce c\u00e2teva informa\u021bii \u00een plus chiar \u00een acest articol. Feminismul reprezint\u0103 o serie de mi\u0219c\u0103ri politice, ideologice \u0219i sociale care au un scop comun: definirea, stabilirea \u0219i respectarea drepturilor politice, economice, [&hellip;]<\/p>\n","protected":false},"author":3,"featured_media":6489,"comment_status":"open","ping_status":"open","sticky":false,"template":"","format":"standard","meta":{"_et_pb_use_builder":"on","_et_pb_old_content":"<h4>text: Diana Stanciu<\/h4><h4>ilustratie: Cristina Radoaica<\/h4><p><span style=\"font-weight: 400;\">Niciodat\u0103 nu este un moment inoportun s\u0103 vorbim despre feminism \u0219i sus\u021binerea drepturilor femeilor. Teme despre care vom aduce c\u00e2teva informa\u021bii \u00een plus chiar \u00een acest articol.<\/span><\/p><p><span style=\"font-weight: 400;\">Feminismul reprezint\u0103 o serie de mi\u0219c\u0103ri politice, ideologice \u0219i sociale care au un scop comun: definirea, stabilirea \u0219i respectarea drepturilor politice, economice, personale \u0219i sociale ale femeilor. Mi\u0219carea feminist\u0103 include \u0219i \u00eencercarea de a stabili \u0219anse egale pentru femei \u00een educa\u021bie \u0219i la locul de munc\u0103.<\/span><\/p><p><span style=\"font-weight: 400;\">Ca o privire de ansamblu, advocacy- sus\u021binerea feminismului are ca principal\u0103 preocupare s\u0103 pun\u0103 cap\u0103t nedrept\u0103\u021bilor din \u00eentreaga lume prin promovarea drepturilor femeilor. Are diverse moduri de utilizare \u0219i de manifestare, de la strategii de lobby la reuniunile ministeriale ale Organiza\u021biei Mondiale a Comer\u021bului, p\u00e2n\u0103 la reformarea politicilor discriminatorii de gen.<\/span><\/p><p><span style=\"font-weight: 400;\">De-a lungul istoriei, femeile au luptat pentru diverse drepturi, de la cel de a vota, la cel de a de\u021bine propriet\u0103\u021bi, la dreptul la educa\u021bie \u0219i p\u00e2n\u0103 la dreptul de a lua parte la diverse procese politice. \u00cen ultimii ani, accentul mi\u0219c\u0103rii pentru drepturile femeilor a picat asupra problemelor de s\u0103n\u0103tate \u0219i drepturilor reproductive, inegalit\u0103\u021bii economice, h\u0103r\u021buirii sexuale \u0219i rape culture.<\/span><\/p><p><span style=\"font-weight: 400;\">Sus\u021binerea drepturilor femeilor bazat\u0103 pe o egalitatea \u00eentre sexe este un obiectiv important \u0219i de lung\u0103 durat\u0103. Sus\u021bin\u0103torii drepturilor femeilor consider\u0103 c\u0103 femeile trebuie s\u0103 aib\u0103 drepturi egale cu b\u0103rba\u021bii \u00een toate domeniile vie\u021bii private \u0219i publice inclusiv educa\u021bie, la locul de munc\u0103 \u0219i participare \u00een politic\u0103. Ei sunt, de asemenea, de p\u0103rere c\u0103 femeile trebuie tratate cu respect \u0219i demnitate \u0219i c\u0103 perspectivele lor unice ar trebuie apreciate.<\/span><\/p><p><span style=\"font-weight: 400;\">V\u0103z\u00e2nd progresul drepturilor femeilor, apare \u00eentrebarea \u201cDe ce mai sunt mi\u0219carea feminist\u0103 \u0219i sus\u021binerea acesteia importante \u00een ziua de azi?\u201d.<\/span><\/p><p><span style=\"font-weight: 400;\">\u00cen ciuda progresului, femeile \u00eenc\u0103 se lovesc de bariere semnificative legate de egalitatea de gen. \u00cen mai multe \u021b\u0103ri din lume, femeilor nu li s-au acordat \u00eenc\u0103 drepturi egale cu cele ale b\u0103rba\u021bilor \u0219i nu sunt tratate \u00een mod egal la locul de munc\u0103.<\/span><\/p><p><span style=\"font-weight: 400;\">Conform Global Gender Gap Report 2022 realizat de Forumul Economic Mondial, paritatea de gen nu se \u00eembun\u0103t\u0103\u021be\u0219te. Se preconizeaz\u0103 c\u0103 va mai fi nevoie de mai mult de 130 de ani pentru reducerea decalajului de gen actual. Potrivit raportului \u00een cauz\u0103, cele mai afectate zone sunt participarea economic\u0103 \u0219i politic\u0103. Femeile c\u00e2\u0219tig\u0103 mai pu\u021bin dec\u00e2t b\u0103rba\u021bii \u00een majoritatea statelor \u0219i au \u0219anse mai ridicate s\u0103 tr\u0103iasc\u0103 \u00een s\u0103r\u0103cie. Totodat\u0103, violen\u021ba \u00eempotriva femeilor a reprezentat o problem\u0103 major\u0103 peste tot\u00a0 \u00een lume; femeile nu sunt \u00een siguran\u021b\u0103 nici acas\u0103, nici \u00een locurile publice.<\/span><\/p><p><span style=\"font-weight: 400;\">Este necesar s\u0103 continu\u0103m s\u0103 milit\u0103m pentru drepturile femeilor p\u00e2n\u0103 \u00een momentul \u00een care egalitatea de gen va deveni o realitate pentru toat\u0103 lumea. Sprijinind feminismul putem sus\u021bine o lume echitabil\u0103, mai dreapt\u0103. Putem juca un rol esen\u021bial \u00een crearea unei lumi \u00een care egalitatea de gen s\u0103 fie o realitate, doar \u00eencerc\u00e2nd s\u0103 ajut\u0103m la con\u0219tientizarea problemelor legate de acest aspect \u0219i lu\u00e2nd m\u0103suri \u00een acest sens.<\/span><\/p><p><span style=\"font-weight: 400;\">Surse:<\/span><a href=\"https:\/\/policy-practice.oxfam.org\/resources\/a-guide-to-feminist-advocacy-131591\/#:~:text=Feminist%20advocacy%20is%20concerned%20with,reform%20of%20gender%2Ddiscriminatory%20policies\"><span style=\"font-weight: 400;\">tps:\/\/policy-practice.oxfam.org\/resources\/a-guide-to-feminist-advocacy-131591\/#:~:text=Feminist%20advocacy%20is%20concerned%20with,reform%20of%20gender%2Ddiscriminatory%20policies<\/span><\/a><\/p><p><a href=\"https:\/\/www.rightsofequality.com\/feminism-and-the-advocacy-of-womens-rights-why-are-these-relevant-today\/\"><span style=\"font-weight: 400;\">https:\/\/www.rightsofequality.com\/feminism-and-the-advocacy-of-womens-rights-why-are-these-relevant-today\/<\/span><\/a><\/p><p><span style=\"font-weight: 400;\">Raport\/Studiu: <\/span><a href=\"https:\/\/www.weforum.org\/reports\/global-gender-gap-report-2022\"><span style=\"font-weight: 400;\">https:\/\/www.weforum.org\/reports\/global-gender-gap-report-2022<\/span><\/a><\/p>","_et_gb_content_width":"","_monsterinsights_skip_tracking":false,"_monsterinsights_sitenote_active":false,"_monsterinsights_sitenote_note":"","_monsterinsights_sitenote_category":0,"footnotes":""},"categories":[2,32],"tags":[],"class_list":["post-6488","post","type-post","status-publish","format-standard","has-post-thumbnail","hentry","category-articole","category-articole-feminism-hertimeromania"],"_links":{"self":[{"href":"https:\/\/hertimeromania.com\/en\/wp-json\/wp\/v2\/posts\/6488","targetHints":{"allow":["GET"]}}],"collection":[{"href":"https:\/\/hertimeromania.com\/en\/wp-json\/wp\/v2\/posts"}],"about":[{"href":"https:\/\/hertimeromania.com\/en\/wp-json\/wp\/v2\/types\/post"}],"author":[{"embeddable":true,"href":"https:\/\/hertimeromania.com\/en\/wp-json\/wp\/v2\/users\/3"}],"replies":[{"embeddable":true,"href":"https:\/\/hertimeromania.com\/en\/wp-json\/wp\/v2\/comments?post=6488"}],"version-history":[{"count":3,"href":"https:\/\/hertimeromania.com\/en\/wp-json\/wp\/v2\/posts\/6488\/revisions"}],"predecessor-version":[{"id":6492,"href":"https:\/\/hertimeromania.com\/en\/wp-json\/wp\/v2\/posts\/6488\/revisions\/6492"}],"wp:featuredmedia":[{"embeddable":true,"href":"https:\/\/hertimeromania.com\/en\/wp-json\/wp\/v2\/media\/6489"}],"wp:attachment":[{"href":"https:\/\/hertimeromania.com\/en\/wp-json\/wp\/v2\/media?parent=6488"}],"wp:term":[{"taxonomy":"category","embeddable":true,"href":"https:\/\/hertimeromania.com\/en\/wp-json\/wp\/v2\/categories?post=6488"},{"taxonomy":"post_tag","embeddable":true,"href":"https:\/\/hertimeromania.com\/en\/wp-json\/wp\/v2\/tags?post=6488"}],"curies":[{"name":"wp","href":"https:\/\/api.w.org\/{rel}","templated":true}]}}